{"id":49138,"date":"2018-11-04T16:33:46","date_gmt":"2018-11-04T18:33:46","guid":{"rendered":"http:\/\/packpoint.com.br\/site\/?p=49138"},"modified":"2018-11-07T07:10:17","modified_gmt":"2018-11-07T09:10:17","slug":"funcionaria-packpoint-vence-a-1a-maratona-de-inovacao-senac","status":"publish","type":"post","link":"https:\/\/packpoint.com.br\/site\/funcionaria-packpoint-vence-a-1a-maratona-de-inovacao-senac\/","title":{"rendered":"Funcion\u00e1ria Packpoint vence a 1\u00aa Maratona de Inova\u00e7\u00e3o Senac"},"content":{"rendered":"<div class=\"wpb-content-wrapper\"><p>[vc_row row_height_percent=&#8221;0&#8243; override_padding=&#8221;yes&#8221; h_padding=&#8221;2&#8243; top_padding=&#8221;0&#8243; bottom_padding=&#8221;0&#8243; overlay_alpha=&#8221;100&#8243; gutter_size=&#8221;3&#8243; shift_y=&#8221;0&#8243; row_height_use_pixel=&#8221;&#8221;][vc_column column_width_use_pixel=&#8221;yes&#8221; overlay_alpha=&#8221;50&#8243; gutter_size=&#8221;3&#8243; medium_width=&#8221;0&#8243; shift_x=&#8221;0&#8243; shift_y=&#8221;0&#8243; zoom_width=&#8221;0&#8243; zoom_height=&#8221;0&#8243; column_width_pixel=&#8221;800&#8243;][vc_column_text]<\/p>\n<h4>Funcion\u00e1ria da Packpoint vence 1\u00aa Maratona de Inova\u00e7\u00e3o Senac<\/h4>\n<p style=\"text-align: justify;\">Para a Packpoint \u00e9 motivo de orgulho contar com uma colaboradora vencedora da 1\u00aa Maratona de Inova\u00e7\u00e3o Senac.\u00a0Mirella Maris Schreiber de Abreu, integrante da equipe de RH da Packpoint, participou da Maratona com sua equipe e levou o pr\u00eamio de campe\u00e3.<\/p>\n<p style=\"text-align: justify;\">Durante os dois dias da Maratona de Inova\u00e7\u00e3o Senac os participantes desenvolveram solu\u00e7\u00f5es inovadoras para a redu\u00e7\u00e3o das desigualdades sociais. Com o tema &#8220;Ci\u00eancia para a Redu\u00e7\u00e3o das Desigualdades\u201d. As propostas precisavam ser desenvolvidas dentro de cinco eixos tem\u00e1ticos: Educa\u00e7\u00e3o, Sa\u00fade, Turismo, Tecnologia da Informa\u00e7\u00e3o e Com\u00e9rcio e Varejo.<\/p>\n<p>[\/vc_column_text][\/vc_column][\/vc_row][vc_row unlock_row=&#8221;&#8221; row_height_percent=&#8221;0&#8243; override_padding=&#8221;yes&#8221; h_padding=&#8221;2&#8243; top_padding=&#8221;0&#8243; bottom_padding=&#8221;0&#8243; overlay_alpha=&#8221;100&#8243; gutter_size=&#8221;3&#8243; shift_y=&#8221;0&#8243; row_height_use_pixel=&#8221;&#8221;][vc_column column_width_use_pixel=&#8221;yes&#8221; overlay_alpha=&#8221;50&#8243; gutter_size=&#8221;3&#8243; medium_width=&#8221;0&#8243; shift_x=&#8221;0&#8243; shift_y=&#8221;0&#8243; zoom_width=&#8221;0&#8243; zoom_height=&#8221;0&#8243; column_width_pixel=&#8221;800&#8243;][vc_column_text]<\/p>\n<p style=\"text-align: justify;\">A equipe campe\u00e3 \u00e9 formada pelos seguintes integrantes: Paulo Barral de Hollanda Gomes Vieira (Professor nos cursos de Engenharia Civil, Engenharia Florestal, Arquitetura e Urbanismo &#8211; FURB); Mara Paz Maur\u00edcio Nowazick (Professora Mestre em Administra\u00e7\u00e3o &#8211; FURB); Lucas Gabriel Luchetta da Fonseca (Estudante da 6\u00aa fase do Curso de Direito &#8211; FURB), Mirella Maris Schreiber de Abreu (Estudante da 4\u00aa fase de Gest\u00e3o de Recursos Humanos &#8211; SENAC) e Funcion\u00e1ria da Packpoint na \u00e1rea de Recursos humanos, Stherline Ulysse Dorvilier (Estudante da 2\u00aa fase de Gest\u00e3o Financeira &#8211; SENAC), Daiana Arnold Farfan (Estudante da 4\u00aa fase em Gest\u00e3o de Tecnologia da Informa\u00e7\u00e3o &#8211; SENAC) e Sandra Titoni (Publicit\u00e1ria e P\u00f3s-graduanda em Comunica\u00e7\u00e3o Empresarial e Marketing Digital &#8211; UNISUL).<\/p>\n<p>[\/vc_column_text][vc_gallery el_id=&#8221;gallery-722341&#8243; medias=&#8221;49150,49145,49140,49149,49148,49139,49143,49142,49141,49144,49146,49147&#8243; gutter_size=&#8221;3&#8243; screen_lg=&#8221;1000&#8243; screen_md=&#8221;600&#8243; screen_sm=&#8221;480&#8243; single_overlay_opacity=&#8221;50&#8243; single_padding=&#8221;2&#8243;][vc_empty_space empty_h=&#8221;2&#8243;][\/vc_column][\/vc_row]<\/p>\n<\/div>","protected":false},"excerpt":{"rendered":"<p>Funcion\u00e1ria da Packpoint vence 1\u00aa Maratona de Inova\u00e7\u00e3o Senac com sua equipe. Nos orgulha contar com profissionais que sempre buscam inovar e buscar seu espa\u00e7o.<\/p>\n","protected":false},"author":1,"featured_media":49158,"comment_status":"closed","ping_status":"open","sticky":false,"template":"","format":"standard","meta":{"footnotes":""},"categories":[50],"tags":[51,58,59,60,61,62],"class_list":["post-49138","post","type-post","status-publish","format-standard","has-post-thumbnail","hentry","category-marketing","tag-embalagens","tag-packpoint","tag-empresa","tag-sustentabilidade","tag-protecao-ambiental","tag-pesquisa"],"aioseo_notices":[],"_links":{"self":[{"href":"https:\/\/packpoint.com.br\/site\/wp-json\/wp\/v2\/posts\/49138","targetHints":{"allow":["GET"]}}],"collection":[{"href":"https:\/\/packpoint.com.br\/site\/wp-json\/wp\/v2\/posts"}],"about":[{"href":"https:\/\/packpoint.com.br\/site\/wp-json\/wp\/v2\/types\/post"}],"author":[{"embeddable":true,"href":"https:\/\/packpoint.com.br\/site\/wp-json\/wp\/v2\/users\/1"}],"replies":[{"embeddable":true,"href":"https:\/\/packpoint.com.br\/site\/wp-json\/wp\/v2\/comments?post=49138"}],"version-history":[{"count":5,"href":"https:\/\/packpoint.com.br\/site\/wp-json\/wp\/v2\/posts\/49138\/revisions"}],"predecessor-version":[{"id":49156,"href":"https:\/\/packpoint.com.br\/site\/wp-json\/wp\/v2\/posts\/49138\/revisions\/49156"}],"wp:featuredmedia":[{"embeddable":true,"href":"https:\/\/packpoint.com.br\/site\/wp-json\/wp\/v2\/media\/49158"}],"wp:attachment":[{"href":"https:\/\/packpoint.com.br\/site\/wp-json\/wp\/v2\/media?parent=49138"}],"wp:term":[{"taxonomy":"category","embeddable":true,"href":"https:\/\/packpoint.com.br\/site\/wp-json\/wp\/v2\/categories?post=49138"},{"taxonomy":"post_tag","embeddable":true,"href":"https:\/\/packpoint.com.br\/site\/wp-json\/wp\/v2\/tags?post=49138"}],"curies":[{"name":"wp","href":"https:\/\/api.w.org\/{rel}","templated":true}]}}