{"id":49386,"date":"2019-09-30T14:48:21","date_gmt":"2019-09-30T17:48:21","guid":{"rendered":"https:\/\/packpoint.com.br\/site\/?p=49385"},"modified":"2020-01-24T09:39:47","modified_gmt":"2020-01-24T12:39:47","slug":"praticas-sustentaveis-para-empresas","status":"publish","type":"post","link":"https:\/\/packpoint.com.br\/site\/praticas-sustentaveis-para-empresas\/","title":{"rendered":"Pr\u00e1ticas sustent\u00e1veis para empresas!"},"content":{"rendered":"<div class=\"wpb-content-wrapper\"><p>[vc_row row_height_percent=&#8221;0&#8243; override_padding=&#8221;yes&#8221; h_padding=&#8221;2&#8243; top_padding=&#8221;0&#8243; bottom_padding=&#8221;0&#8243; overlay_alpha=&#8221;100&#8243; gutter_size=&#8221;3&#8243; shift_y=&#8221;0&#8243; row_height_use_pixel=&#8221;&#8221;][vc_column column_width_use_pixel=&#8221;yes&#8221; overlay_alpha=&#8221;50&#8243; gutter_size=&#8221;3&#8243; medium_width=&#8221;0&#8243; shift_x=&#8221;0&#8243; shift_y=&#8221;0&#8243; zoom_width=&#8221;0&#8243; zoom_height=&#8221;0&#8243; column_width_pixel=&#8221;800&#8243;][vc_column_text]<\/p>\n<h4>Pr\u00e1ticas sustent\u00e1veis para empresas<\/h4>\n<p style=\"text-align: justify;\"><img decoding=\"async\" class=\"alignnone size-medium wp-image-49387\" src=\"https:\/\/packpoint.com.br\/site\/wp-content\/uploads\/2019\/09\/praticas-sustentaveis-para-sua-empresa.jpg\" alt=\"Pr\u00e1ticas Sustent\u00e1veis para Empresas\" width=\"100%\" \/><\/p>\n<p style=\"text-align: justify;\">Hoje enfrentamos as consequ\u00eancias da falta de consci\u00eancia a respeito do impacto ambiental das a\u00e7\u00f5es do ser humano. Os preju\u00edzos s\u00e3o vis\u00edveis, caros e podem nos privar de necessidades b\u00e1sicas como a \u00e1gua. Pesquisas e estat\u00edsticas nos mostram que <a href=\"http:\/\/g1.globo.com\/natureza\/noticia\/2016\/01\/oceanos-terao-mais-plasticos-do-que-peixes-em-2050-diz-estudo.html\" target=\"_blank\" rel=\"noopener noreferrer\">at\u00e9 2050 nossos oceanos poder\u00e3o conter mais pl\u00e1stico que peixes<\/a> e que possivelmente <a href=\"https:\/\/exame.abril.com.br\/mundo\/10-lugares-no-mundo-que-podem-sumir-com-alta-do-nivel-do-mar\/\" target=\"_blank\" rel=\"noopener noreferrer\">at\u00e9 2100 v\u00e1rias cidades deixar\u00e3o de existir<\/a>. Tudo isso devido ao aumento do n\u00edvel do mar e das temperaturas globais. Por isso n\u00e3o podemos mais ignorar o fato e tomar iniciativas para que isso mude.<\/p>\n<p style=\"text-align: justify;\">Adotar pr\u00e1ticas de sustentabilidade na sua empresa pode ajudar muito ao nosso planeta. Seus colaboradores ser\u00e3o multiplicadores de pequenas a\u00e7\u00f5es que postas em pr\u00e1ticas ter\u00e3o impacto no meio ambiente e por consequ\u00eancia em toda a sociedade.<\/p>\n<p style=\"text-align: justify;\">Abaixo separamos pequenas dicas de sustentabilidade que podem ser adotadas na sua empresa com objetivo de diminuir os impactos ao meio ambiente, melhorar o dia a dia e ajudar na consci\u00eancia da comunidade.<\/p>\n<p><strong>Apagou? Fechou? Desligou? <\/strong><br \/>\n<img decoding=\"async\" class=\"alignnone size-medium wp-image-49603\" src=\"https:\/\/packpoint.com.br\/site\/wp-content\/uploads\/2019\/09\/apagar-as-luzes.jpg\" alt=\"\" width=\"100%\" srcset=\"https:\/\/packpoint.com.br\/site\/wp-content\/uploads\/2019\/09\/apagar-as-luzes.jpg 800w, https:\/\/packpoint.com.br\/site\/wp-content\/uploads\/2019\/09\/apagar-as-luzes-300x158.jpg 300w, https:\/\/packpoint.com.br\/site\/wp-content\/uploads\/2019\/09\/apagar-as-luzes-768x403.jpg 768w\" sizes=\"(max-width: 800px) 100vw, 800px\" \/><\/p>\n<p style=\"text-align: justify;\">Estimule aos seus colabores o uso consciente dos recursos como luz, \u00e1gua, e o uso de papel e eletr\u00f4nicos. Pequenos lembretes nos disjuntores da luz solicitando que o \u00faltimo a sair do ambiente apague a luz , ou logo acima das torneiras sobre a utiliza\u00e7\u00e3o r\u00e1pida da \u00e1gua ao lavar as m\u00e3os, e at\u00e9 mesmo um aviso sobre a import\u00e2ncia de imprimir somente o necess\u00e1rio sobre a impressora, podem ter um impacto positivo, direto no comportamento da equipe.<\/p>\n<p><strong>Copo descart\u00e1vel, precisa mesmo?<\/strong><\/p>\n<p style=\"text-align: justify;\"><img decoding=\"async\" class=\"alignnone size-medium wp-image-49607\" src=\"https:\/\/packpoint.com.br\/site\/wp-content\/uploads\/2018\/05\/cupos-descart\u00e1veis.jpg\" alt=\"\" width=\"100%\" srcset=\"https:\/\/packpoint.com.br\/site\/wp-content\/uploads\/2018\/05\/cupos-descart\u00e1veis.jpg 800w, https:\/\/packpoint.com.br\/site\/wp-content\/uploads\/2018\/05\/cupos-descart\u00e1veis-300x158.jpg 300w, https:\/\/packpoint.com.br\/site\/wp-content\/uploads\/2018\/05\/cupos-descart\u00e1veis-768x403.jpg 768w\" sizes=\"(max-width: 800px) 100vw, 800px\" \/><\/p>\n<p style=\"text-align: justify;\">No Brasil s\u00e3o consumidos cerca de 720 milh\u00f5es de copos descart\u00e1veis por dia, (segundo dados da Associa\u00e7\u00e3o Brasileira de Limpeza P\u00fablica) e essa conta na natureza fica enorme considerando que um copo descart\u00e1vel leva em m\u00e9dia de 250 a 400 anos para se decompor e em sua composi\u00e7\u00e3o temos materiais como o petr\u00f3leo, que aumentam a emiss\u00e3o de CO2 e outros gases prejudiciais. O consumo dos copinhos \u00e9 muito expressivo em ambientes corporativos e por isso podem ter seu uso desestimulado. Para incentivar seus colaboradores a diminu\u00edrem o uso de copos descart\u00e1veis, que tal mandar fabricar garrafinhas e distribuir como brinde?<\/p>\n<p><strong>Me d\u00e1 carona?<\/strong><br \/>\n<img decoding=\"async\" class=\"alignnone size-medium wp-image-49389\" src=\"https:\/\/packpoint.com.br\/site\/wp-content\/uploads\/2018\/05\/carona-para-o-trabalho.jpg\" alt=\"carona-pro-trabalho\" width=\"100%\" \/><\/p>\n<p style=\"text-align: justify;\">Os novos h\u00e1bitos se tornam cada dia mais comum entre as pessoas que buscam colaborar com a diminui\u00e7\u00e3o de carros nas ruas, contribuindo para um tr\u00e2nsito melhor e diminuindo os efeitos da polui\u00e7\u00e3o. Muitas startups est\u00e3o lan\u00e7ando aplicativos de carona que proporcionam o compartilhamento de espa\u00e7os vazios nos ve\u00edculos. Al\u00e9m de um tr\u00e2nsito melhor e menor impacto ambiental, a pr\u00e1tica refor\u00e7a la\u00e7os entre colegas e gera economia para os envolvidos.<\/p>\n<p style=\"text-align: justify;\">As bicicletas tamb\u00e9m aparecem como \u00f3timas op\u00e7\u00f5es de transporte para o trabalho. Para conseguirmos que nossa gera\u00e7\u00e3o mude a mente e possa mudar suas prefer\u00eancias de transporte para op\u00e7\u00f5es mais sustent\u00e1veis, precisamos incentivar e popularizar essas pr\u00e1ticas. Que tal fazer isso em sua empresa levando essa ideia aos seu colaboradores? Al\u00e9m de sustent\u00e1vel vai ser muito divertido.<\/p>\n<p><strong>Economia de Energia dos Equipamentos<\/strong><br \/>\n<img decoding=\"async\" class=\"alignnone size-medium wp-image-49391\" src=\"https:\/\/packpoint.com.br\/site\/wp-content\/uploads\/2018\/05\/selo-economia-energia.jpg\" alt=\"selo-de-energia-A\" width=\"100%\" \/><\/p>\n<p style=\"text-align: justify;\">Vai investir na compra de equipamentos para sua empresa? Ent\u00e3o lembre-se de analisar a tabela de economia. Geladeiras, microondas, impressoras entre outros. Fazendo a escolha de produtos na categoria A, sua empresa contribui para um mundo mais sustent\u00e1vel.<\/p>\n<p style=\"text-align: justify;\">Estimular seus colaboradores a terem atitudes mais sustent\u00e1veis gerar\u00e1 impactos positivos na sociedade e principalmente no meio ambiente. Essas pequenas mudan\u00e7as tamb\u00e9m podem e devem ser refor\u00e7adas atrav\u00e9s de palestras e treinamentos. Hoje j\u00e1 existem empresas focadas apenas em dar consultoria e acompanhar projetos de sustentabilidade.<\/p>\n<p style=\"text-align: justify;\">Mudar h\u00e1bitos e atitudes leva tempo, mas neste momento precisamos unir for\u00e7as e gerar em cada pessoa o desejo de viver de forma mais sustent\u00e1vel. Estas pequenas atitudes quando replicadas geram benef\u00edcios para toda a sociedade. Proporcionando maior qualidade de vida e bem estar.<\/p>\n<p>[\/vc_column_text][\/vc_column][\/vc_row][vc_row][vc_column width=&#8221;1\/1&#8243;][vc_empty_space empty_h=&#8221;1&#8243;][\/vc_column][\/vc_row][vc_row][vc_column width=&#8221;1\/1&#8243;][uncode_block id=&#8221;49369&#8243;][\/vc_column][\/vc_row][vc_row][vc_column width=&#8221;1\/1&#8243;][vc_empty_space empty_h=&#8221;1&#8243;][\/vc_column][\/vc_row]<\/p>\n<\/div>","protected":false},"excerpt":{"rendered":"<p>Adotar pr\u00e1ticas de sustentabilidade na sua empresa pode ajudar muito ao nosso planeta. Seus colaboradores ser\u00e3o multiplicadores das a\u00e7\u00f5es.<\/p>\n","protected":false},"author":1,"featured_media":49602,"comment_status":"closed","ping_status":"open","sticky":false,"template":"","format":"standard","meta":{"footnotes":""},"categories":[63],"tags":[51,58,82,83,84,85,86,87,88,89,90],"class_list":["post-49386","post","type-post","status-publish","format-standard","has-post-thumbnail","hentry","category-sustentabilidade","tag-embalagens","tag-packpoint","tag-acabamentos","tag-verniz-uv","tag-verniz-localizado","tag-hot-stamping","tag-embalagens-para-produtos","tag-embalagens-em-papel","tag-embalagens-com-acabamento","tag-acabamento-diferenciado-embalagens","tag-embalagens-em-santa-catarina"],"aioseo_notices":[],"_links":{"self":[{"href":"https:\/\/packpoint.com.br\/site\/wp-json\/wp\/v2\/posts\/49386","targetHints":{"allow":["GET"]}}],"collection":[{"href":"https:\/\/packpoint.com.br\/site\/wp-json\/wp\/v2\/posts"}],"about":[{"href":"https:\/\/packpoint.com.br\/site\/wp-json\/wp\/v2\/types\/post"}],"author":[{"embeddable":true,"href":"https:\/\/packpoint.com.br\/site\/wp-json\/wp\/v2\/users\/1"}],"replies":[{"embeddable":true,"href":"https:\/\/packpoint.com.br\/site\/wp-json\/wp\/v2\/comments?post=49386"}],"version-history":[{"count":2,"href":"https:\/\/packpoint.com.br\/site\/wp-json\/wp\/v2\/posts\/49386\/revisions"}],"predecessor-version":[{"id":49610,"href":"https:\/\/packpoint.com.br\/site\/wp-json\/wp\/v2\/posts\/49386\/revisions\/49610"}],"wp:featuredmedia":[{"embeddable":true,"href":"https:\/\/packpoint.com.br\/site\/wp-json\/wp\/v2\/media\/49602"}],"wp:attachment":[{"href":"https:\/\/packpoint.com.br\/site\/wp-json\/wp\/v2\/media?parent=49386"}],"wp:term":[{"taxonomy":"category","embeddable":true,"href":"https:\/\/packpoint.com.br\/site\/wp-json\/wp\/v2\/categories?post=49386"},{"taxonomy":"post_tag","embeddable":true,"href":"https:\/\/packpoint.com.br\/site\/wp-json\/wp\/v2\/tags?post=49386"}],"curies":[{"name":"wp","href":"https:\/\/api.w.org\/{rel}","templated":true}]}}