{"id":49393,"date":"2019-11-07T10:15:44","date_gmt":"2019-11-07T13:15:44","guid":{"rendered":"https:\/\/packpoint.com.br\/site\/?p=49393"},"modified":"2020-01-24T09:53:20","modified_gmt":"2020-01-24T12:53:20","slug":"a-embalagem-e-seu-papel-na-decisao-de-compra","status":"publish","type":"post","link":"https:\/\/packpoint.com.br\/site\/a-embalagem-e-seu-papel-na-decisao-de-compra\/","title":{"rendered":"A Embalagem e seu papel na decis\u00e3o de compra"},"content":{"rendered":"<div class=\"wpb-content-wrapper\"><p>[vc_row row_height_percent=&#8221;0&#8243; override_padding=&#8221;yes&#8221; h_padding=&#8221;2&#8243; top_padding=&#8221;0&#8243; bottom_padding=&#8221;0&#8243; overlay_alpha=&#8221;100&#8243; gutter_size=&#8221;3&#8243; shift_y=&#8221;0&#8243; row_height_use_pixel=&#8221;&#8221;][vc_column column_width_use_pixel=&#8221;yes&#8221; overlay_alpha=&#8221;50&#8243; gutter_size=&#8221;3&#8243; medium_width=&#8221;0&#8243; shift_x=&#8221;0&#8243; shift_y=&#8221;0&#8243; zoom_width=&#8221;0&#8243; zoom_height=&#8221;0&#8243; column_width_pixel=&#8221;800&#8243;][vc_column_text]<\/p>\n<h4><\/h4>\n<p><span style=\"font-weight: 400;\">Dizem que a primeira impress\u00e3o \u00e9 a que fica, e sempre utilizamos esta m\u00e1xima quando estamos conhecendo pessoas novas, queremos que fique a boa imagem sobre quem somos e nos esfor\u00e7amos muito pra isso. Sempre temos a primeira impress\u00e3o de algu\u00e9m pela forma que ela se veste e se apresenta e somente depois por seu comportamento.\u00a0<\/span><\/p>\n<h4><\/h4>\n<p><span style=\"font-weight: 400;\">A mesma coisa acontece com o seu produto, a imagem dele \u00e9 vendida primeiramente pela embalagem. A percep\u00e7\u00e3o que o cliente tem em rela\u00e7\u00e3o ao seu produto e marca est\u00e1 diretamente ligado a embalagem.<\/span><\/p>\n<h4><\/h4>\n<p><span style=\"font-weight: 400;\">Pense por um instante, quando foi a \u00faltima vez que voc\u00ea foi em uma prateleira de supermercado e mesmo tendo pegado um produto na m\u00e3o acabou deixando-o l\u00e1 por n\u00e3o ter certeza na qualidade do produto apenas olhando em sua embalagem, ou ent\u00e3o acabou comprando o produto de outra marca pois a embalagem era mais atrativa e com comunica\u00e7\u00e3o mais efetiva?<\/span><\/p>\n<p><span style=\"font-weight: 400;\"><img decoding=\"async\" src=\"https:\/\/packpoint.com.br\/site\/wp-content\/uploads\/2019\/11\/compras-escolha-pela-embalagem.jpg\" width=\"100%\" \/><\/span><\/p>\n<p><span style=\"font-weight: 400;\">A embalagem tem esse poder. Ela pode vender e ela vende.\u00a0 Os setores de Marketing e desenvolvimento precisam estar muito conscientes quanto ao design, por isso na hora de pensar na embalagem deixe a criatividade fluir mas tamb\u00e9m entenda e conhe\u00e7a seu cliente e seu mercado.\u00a0<\/span><\/p>\n<h4><\/h4>\n<p><span style=\"font-weight: 400;\">Assim como as pessoas deixam uma boa ou m\u00e1 impress\u00e3o pela\u00a0 imagem que apresentam em poucos minutos, a embalagem tamb\u00e9m tem essa responsabilidade na apresenta\u00e7\u00e3o do produto. \u00c9 importante que ele esteja bem apresentado, gerando dessa forma uma boa impress\u00e3o e venda para o seu cliente. Podemos afirmar que a embalagem faz parte do processo de vendas e \u00e9 uma ferramenta dentro do planejamento de Marketing de produto.\u00a0<\/span><\/p>\n<h4><\/h4>\n<p><span style=\"font-weight: 400;\">Investir tempo e planejamento na embalagem \u00e9 definitivamente uma grande oportunidade para pensar em como impulsionar as vendas e garantir que seu produto seja o primeiro na escolha dos clientes. <\/span>[\/vc_column_text][\/vc_column][\/vc_row][vc_row][vc_column width=&#8221;1\/1&#8243;][vc_empty_space empty_h=&#8221;1&#8243;][\/vc_column][\/vc_row][vc_row][vc_column width=&#8221;1\/1&#8243;][uncode_block id=&#8221;49369&#8243;][\/vc_column][\/vc_row][vc_row][vc_column width=&#8221;1\/1&#8243;][vc_empty_space empty_h=&#8221;1&#8243;][\/vc_column][\/vc_row]<\/p>\n<\/div>","protected":false},"excerpt":{"rendered":"<p>Investir no planejamento da embalagem \u00e9 uma grande oportunidade para impulsionar as vendas e garantir prefer\u00eancia dos clientes<\/p>\n","protected":false},"author":1,"featured_media":49611,"comment_status":"closed","ping_status":"open","sticky":false,"template":"","format":"standard","meta":{"footnotes":""},"categories":[50],"tags":[51,58,82,83,84,85,86,87,88,89,90],"class_list":["post-49393","post","type-post","status-publish","format-standard","has-post-thumbnail","hentry","category-marketing","tag-embalagens","tag-packpoint","tag-acabamentos","tag-verniz-uv","tag-verniz-localizado","tag-hot-stamping","tag-embalagens-para-produtos","tag-embalagens-em-papel","tag-embalagens-com-acabamento","tag-acabamento-diferenciado-embalagens","tag-embalagens-em-santa-catarina"],"aioseo_notices":[],"_links":{"self":[{"href":"https:\/\/packpoint.com.br\/site\/wp-json\/wp\/v2\/posts\/49393","targetHints":{"allow":["GET"]}}],"collection":[{"href":"https:\/\/packpoint.com.br\/site\/wp-json\/wp\/v2\/posts"}],"about":[{"href":"https:\/\/packpoint.com.br\/site\/wp-json\/wp\/v2\/types\/post"}],"author":[{"embeddable":true,"href":"https:\/\/packpoint.com.br\/site\/wp-json\/wp\/v2\/users\/1"}],"replies":[{"embeddable":true,"href":"https:\/\/packpoint.com.br\/site\/wp-json\/wp\/v2\/comments?post=49393"}],"version-history":[{"count":1,"href":"https:\/\/packpoint.com.br\/site\/wp-json\/wp\/v2\/posts\/49393\/revisions"}],"predecessor-version":[{"id":49612,"href":"https:\/\/packpoint.com.br\/site\/wp-json\/wp\/v2\/posts\/49393\/revisions\/49612"}],"wp:featuredmedia":[{"embeddable":true,"href":"https:\/\/packpoint.com.br\/site\/wp-json\/wp\/v2\/media\/49611"}],"wp:attachment":[{"href":"https:\/\/packpoint.com.br\/site\/wp-json\/wp\/v2\/media?parent=49393"}],"wp:term":[{"taxonomy":"category","embeddable":true,"href":"https:\/\/packpoint.com.br\/site\/wp-json\/wp\/v2\/categories?post=49393"},{"taxonomy":"post_tag","embeddable":true,"href":"https:\/\/packpoint.com.br\/site\/wp-json\/wp\/v2\/tags?post=49393"}],"curies":[{"name":"wp","href":"https:\/\/api.w.org\/{rel}","templated":true}]}}